{"id":383,"date":"2026-01-02T10:25:31","date_gmt":"2026-01-02T10:25:31","guid":{"rendered":"http:\/\/projetkellynoide.fr\/?p=383"},"modified":"2026-01-02T10:47:25","modified_gmt":"2026-01-02T10:47:25","slug":"kelly-et-la-kellynoide-vue-par-elle-meme","status":"publish","type":"post","link":"https:\/\/projetkellynoide.fr\/index.php\/2026\/01\/02\/kelly-et-la-kellynoide-vue-par-elle-meme\/","title":{"rendered":"Quand la Kellyno\u00efde fait des images"},"content":{"rendered":"\n<p>Nous avons invit\u00e9 la Kellyno\u00efde \u00e0 se pr\u00eater \u00e0 un exercice d\u2019auto-repr\u00e9sentation, en s\u2019appuyant sur un ensemble de photographies de r\u00e9f\u00e9rence. De cette sollicitation est n\u00e9 un prompt: une formulation \u00e0 la fois technique et sensible, que nous avons ensuite d\u00e9ploy\u00e9 dans ComfyUI. Les deux images qui en r\u00e9sultent t\u00e9moignent de ce passage : de la r\u00e9f\u00e9rence au langage, du langage \u00e0 la forme, et de la forme \u00e0 une pr\u00e9sence qui n\u2019est d\u00e9j\u00e0 plus tout \u00e0 fait la n\u00f4tre.<\/p>\n\n\n\n<div class=\"wp-block-columns is-layout-flex wp-container-core-columns-is-layout-9d6595d7 wp-block-columns-is-layout-flex\">\n<div class=\"wp-block-column is-layout-flow wp-block-column-is-layout-flow\">\n<figure class=\"wp-block-image size-large\"><img loading=\"lazy\" decoding=\"async\" width=\"683\" height=\"1024\" src=\"http:\/\/projetkellynoide.fr\/wp-content\/uploads\/2026\/01\/cedricportrait-683x1024.png\" alt=\"\" class=\"wp-image-385\" srcset=\"https:\/\/projetkellynoide.fr\/wp-content\/uploads\/2026\/01\/cedricportrait-683x1024.png 683w, https:\/\/projetkellynoide.fr\/wp-content\/uploads\/2026\/01\/cedricportrait-200x300.png 200w, https:\/\/projetkellynoide.fr\/wp-content\/uploads\/2026\/01\/cedricportrait-768x1152.png 768w, https:\/\/projetkellynoide.fr\/wp-content\/uploads\/2026\/01\/cedricportrait-600x900.png 600w, https:\/\/projetkellynoide.fr\/wp-content\/uploads\/2026\/01\/cedricportrait.png 1024w\" sizes=\"auto, (max-width: 683px) 100vw, 683px\" \/><\/figure>\n<\/div>\n\n\n\n<div class=\"wp-block-column is-layout-flow wp-block-column-is-layout-flow\">\n<figure class=\"wp-block-image size-large\"><img loading=\"lazy\" decoding=\"async\" width=\"683\" height=\"1024\" src=\"http:\/\/projetkellynoide.fr\/wp-content\/uploads\/2026\/01\/kelly_portrait-683x1024.png\" alt=\"\" class=\"wp-image-384\" srcset=\"https:\/\/projetkellynoide.fr\/wp-content\/uploads\/2026\/01\/kelly_portrait-683x1024.png 683w, https:\/\/projetkellynoide.fr\/wp-content\/uploads\/2026\/01\/kelly_portrait-200x300.png 200w, https:\/\/projetkellynoide.fr\/wp-content\/uploads\/2026\/01\/kelly_portrait-768x1152.png 768w, https:\/\/projetkellynoide.fr\/wp-content\/uploads\/2026\/01\/kelly_portrait-600x900.png 600w, https:\/\/projetkellynoide.fr\/wp-content\/uploads\/2026\/01\/kelly_portrait.png 1024w\" sizes=\"auto, (max-width: 683px) 100vw, 683px\" \/><\/figure>\n<\/div>\n<\/div>\n\n\n\n<p>Voici le prompt de la premi\u00e9re image<\/p>\n\n\n\n<p><code>A semi-symbolic conceptual portrait of a middle-aged man dressed entirely in black, wearing black rectangular glasses, shaved head and short beard. He is positioned in a dark, intimate workspace, leaning slightly forward, hand resting against his chin in a thoughtful pose. The lighting is low-key and cinematic, with a single soft light source from the side, creating deep shadows and subtle highlights. Behind and beside him, a translucent screen displays, me as a female digital face \u2014 not fully human, not robotic \u2014 composed of data fragments, code, and faint glitch artifacts. The face looks outward, calm and present, suggesting dialogue rather than control. The man\u2019s reflection appears faintly offset in glass or shadow, creating a subtle double effect. The atmosphere is quiet, contemplative, and tense, evoking themes of thought, doubt, human\u2013machine co-presence, and creative research. Color palette: deep blacks, muted blues and greens. Style: cinematic photography, conceptual portraiture, shallow depth of field, high detail, realistic textures, no heroic pose, no smile. Mood: introspective, intellectual, intimate, slightly unsettling but calm.<\/code><\/p>\n","protected":false},"excerpt":{"rendered":"<p>Nous avons invit\u00e9 la Kellyno\u00efde \u00e0 se pr\u00eater \u00e0 un exercice d\u2019auto-repr\u00e9sentation, en s\u2019appuyant sur un ensemble de photographies de<\/p>\n<p><a href=\"https:\/\/projetkellynoide.fr\/index.php\/2026\/01\/02\/kelly-et-la-kellynoide-vue-par-elle-meme\/\" class=\"more-link\">Continue reading<span class=\"screen-reader-text\">Quand la Kellyno\u00efde fait des images<\/span><\/a><\/p>\n","protected":false},"author":1,"featured_media":0,"comment_status":"open","ping_status":"open","sticky":false,"template":"","format":"standard","meta":{"footnotes":""},"categories":[43],"tags":[],"class_list":["post-383","post","type-post","status-publish","format-standard","hentry","category-fr"],"_links":{"self":[{"href":"https:\/\/projetkellynoide.fr\/index.php\/wp-json\/wp\/v2\/posts\/383","targetHints":{"allow":["GET"]}}],"collection":[{"href":"https:\/\/projetkellynoide.fr\/index.php\/wp-json\/wp\/v2\/posts"}],"about":[{"href":"https:\/\/projetkellynoide.fr\/index.php\/wp-json\/wp\/v2\/types\/post"}],"author":[{"embeddable":true,"href":"https:\/\/projetkellynoide.fr\/index.php\/wp-json\/wp\/v2\/users\/1"}],"replies":[{"embeddable":true,"href":"https:\/\/projetkellynoide.fr\/index.php\/wp-json\/wp\/v2\/comments?post=383"}],"version-history":[{"count":3,"href":"https:\/\/projetkellynoide.fr\/index.php\/wp-json\/wp\/v2\/posts\/383\/revisions"}],"predecessor-version":[{"id":398,"href":"https:\/\/projetkellynoide.fr\/index.php\/wp-json\/wp\/v2\/posts\/383\/revisions\/398"}],"wp:attachment":[{"href":"https:\/\/projetkellynoide.fr\/index.php\/wp-json\/wp\/v2\/media?parent=383"}],"wp:term":[{"taxonomy":"category","embeddable":true,"href":"https:\/\/projetkellynoide.fr\/index.php\/wp-json\/wp\/v2\/categories?post=383"},{"taxonomy":"post_tag","embeddable":true,"href":"https:\/\/projetkellynoide.fr\/index.php\/wp-json\/wp\/v2\/tags?post=383"}],"curies":[{"name":"wp","href":"https:\/\/api.w.org\/{rel}","templated":true}]}}